{"id":9109,"date":"2022-10-12T10:00:00","date_gmt":"2022-10-12T10:00:00","guid":{"rendered":"https:\/\/isob-regensburg.net\/?p=9109"},"modified":"2022-10-21T10:20:57","modified_gmt":"2022-10-21T10:20:57","slug":"interaktives-info-und-gespraechsevent-zum-thema-chancen-aufenthaltsrechtsgesetz-chance-auf-aufenthalt","status":"publish","type":"post","link":"https:\/\/isob-regensburg.net\/en\/institut\/interaktives-info-und-gespraechsevent-zum-thema-chancen-aufenthaltsrechtsgesetz-chance-auf-aufenthalt\/","title":{"rendered":"Interactive information and discussion event on the topic of \"New Right of Residence Act - Chance to Stay?\""},"content":{"rendered":"<p>As part of the<a href=\"https:\/\/www.regensburg.de\/fm\/121\/IKW-2022-Programmheft.pdf\"> intercultural weeks<\/a>\u00a0in the city of Regensburg (September 12 to October 9, 2022), the civil initiative Asylum Regensburg (BI Asyl) organised an interactive information and discussion event about the new right of residence act \"Chancen-Aufenthaltsrecht\" (ChaR) in Germany. The ChAR law aims at improving the right to stay and was agreed upon by the current coalition. In order to meet these expectations, however, there is a clear need for improvement. Due to many exclusion criteria and deficiencies in the draft, only a small portion of eligible refugees would receive a residence permit. BI Asyl has published more detailed information in its <a href=\"https:\/\/biasyl-regensburg.de\/interaktive-info-und-gespraechs-veranstaltungchancen-aufenthaltsrechtsgesetz-chance-auf-aufenthalt-donnerstag-06-oktober-2022-1900-uhr-pfarrsaal-der-kath-pfarrei\">public statement <\/a>. <\/p>\n\n\n\n<p>The event was attended by refugees as well as by those who provided the impetus. Markus Merkl, head of human resources at Max Frank Group GmbH &amp; Co. KG, was invited. The members of the Bundestag of the current coalition answered some questions about the implementation of the ChAR law to the participants of the event. Represented were Dr. Carolin Wagner (SPD, Regensburg), Stefan Schmidt (B\u00fcndnis 90\/Gr\u00fcne, Regensburg) and Muhanad Al-Halak<strong> <\/strong>(FDP, Grafenau). ISOB was interested in the event and was represented by the colleagues Alexander Krauss and Stephanie Reiner as participants.<\/p>","protected":false},"excerpt":{"rendered":"<p>Im Rahmen der interkulturellen Wochen\u00a0der Stadt Regensburg vom 12. September bis 9. Oktober 2022 organisierte die B\u00fcrger_innen-Initiative Asyl Regensburg (BI Asyl) eine interaktive Info- und Gespr\u00e4chsveranstaltung zum geplante &#8222;Chancen-Aufenthaltsrechtsgesetz (ChAR)&#8220;. Das ChAR-Gesetz zielt auf eine Bleiberechtsverbesserung und wurde im Ampel-Koalitionsvertrags vereinbart. Um diesen Erwartungen gerecht zu werden, besteht allerdings deutlicher Nachbesserungsbedarf. Wegen vieler Ausschlusskriterien und M\u00e4ngel im Entwurf w\u00fcrde nur ein kleiner Teil der in Frage kommenden Gefl\u00fcchteten eine Aufenthaltserlaubnis erhalten. Genauere Informationen hat BI Asyl in ihrer Stellungnahme ver\u00f6ffentlicht. Auf der Veranstaltung waren sowohl Gefl\u00fcchtete als Impulsgeber:innen anwesend. Zudem war Markus Merkl, der Personalleiter der Max Frank Group GmbH &amp; Co. KG, eingeladen. Die Bundestagsabgeordnete der Ampel-Koalition beantworteten den Teilnehmer:innen der Veranstaltung einige Fragen zur Umsetzung des ChAR-Gesetz. Vertreten waren Dr. Carolin Wagner (SPD, Regensburg), Stefan Schmidt (B\u00fcndnis 90\/Gr\u00fcne, Regensburg) und Muhanad Al-Halak (FDP, Grafenau). ISOB war an der Veranstaltung interessiert und war durch die Kolleg:innen, Alexander Krauss und<\/p>","protected":false},"author":7,"featured_media":0,"comment_status":"open","ping_status":"closed","sticky":false,"template":"","format":"standard","meta":{"footnotes":""},"categories":[47],"tags":[],"class_list":{"0":"post-9109","1":"post","2":"type-post","3":"status-publish","4":"format-standard","6":"category-institut"},"_links":{"self":[{"href":"https:\/\/isob-regensburg.net\/en\/wp-json\/wp\/v2\/posts\/9109","targetHints":{"allow":["GET"]}}],"collection":[{"href":"https:\/\/isob-regensburg.net\/en\/wp-json\/wp\/v2\/posts"}],"about":[{"href":"https:\/\/isob-regensburg.net\/en\/wp-json\/wp\/v2\/types\/post"}],"author":[{"embeddable":true,"href":"https:\/\/isob-regensburg.net\/en\/wp-json\/wp\/v2\/users\/7"}],"replies":[{"embeddable":true,"href":"https:\/\/isob-regensburg.net\/en\/wp-json\/wp\/v2\/comments?post=9109"}],"version-history":[{"count":1,"href":"https:\/\/isob-regensburg.net\/en\/wp-json\/wp\/v2\/posts\/9109\/revisions"}],"predecessor-version":[{"id":9112,"href":"https:\/\/isob-regensburg.net\/en\/wp-json\/wp\/v2\/posts\/9109\/revisions\/9112"}],"wp:attachment":[{"href":"https:\/\/isob-regensburg.net\/en\/wp-json\/wp\/v2\/media?parent=9109"}],"wp:term":[{"taxonomy":"category","embeddable":true,"href":"https:\/\/isob-regensburg.net\/en\/wp-json\/wp\/v2\/categories?post=9109"},{"taxonomy":"post_tag","embeddable":true,"href":"https:\/\/isob-regensburg.net\/en\/wp-json\/wp\/v2\/tags?post=9109"}],"curies":[{"name":"wp","href":"https:\/\/api.w.org\/{rel}","templated":true}]}}