{"id":7378,"date":"2021-11-02T08:01:00","date_gmt":"2021-11-02T08:01:00","guid":{"rendered":"https:\/\/isob-regensburg.net\/?p=7378"},"modified":"2023-03-09T08:36:54","modified_gmt":"2023-03-09T07:36:54","slug":"vorstellung-der-anfangsstudie-des-projektes-arvet","status":"publish","type":"post","link":"https:\/\/isob-regensburg.net\/en\/projekt\/vorstellung-der-anfangsstudie-des-projektes-arvet\/","title":{"rendered":"Vorstellung der Anfangsstudie des Projektes ARVET"},"content":{"rendered":"<p>Im November 2021 wird die europ\u00e4ische Vergleichsstudie \u00fcber Auszubildende mit Behinderung \u00fcber die FUNDEUN Konferenz pr\u00e4sentiert. Unsere Projektpartner:innen, Laura Ferri Ramirez, Isabel Gomez Caballero und Maria Jose Sanchez Perez, stellen die Studienergebnisse aus Erasmus+ Projekt ARVET vor. <\/p>\n\n\n\n<p>Das Projekt ARVET entwickelt eine virtuelle Umgebung, um Auszubildende mit Behinderung in der autonomen Ausf\u00fchrung von Lern- und Arbeitsaufgaben zu unterst\u00fctzen. ISOB \u00fcbernimmt im Projekt die interne Qualit\u00e4tssicherung.<\/p>\n\n\n\n<figure class=\"wp-block-image size-full is-resized\"><img fetchpriority=\"high\" decoding=\"async\" src=\"https:\/\/isob-regensburg.net\/wp-content\/uploads\/2022\/01\/ARVET-Flyer.png\" alt=\"\" class=\"wp-image-7379\" width=\"330\" height=\"467\" srcset=\"https:\/\/isob-regensburg.net\/wp-content\/uploads\/2022\/01\/ARVET-Flyer.png 660w, https:\/\/isob-regensburg.net\/wp-content\/uploads\/2022\/01\/ARVET-Flyer-212x300.png 212w, https:\/\/isob-regensburg.net\/wp-content\/uploads\/2022\/01\/ARVET-Flyer-8x12.png 8w\" sizes=\"(max-width: 330px) 100vw, 330px\" \/><\/figure>","protected":false},"excerpt":{"rendered":"<p>Im November 2021 wird die europ\u00e4ische Vergleichsstudie \u00fcber Auszubildende mit Behinderung \u00fcber die FUNDEUN Konferenz pr\u00e4sentiert. Unsere Projektpartner:innen, Laura Ferri Ramirez, Isabel Gomez Caballero und Maria Jose Sanchez Perez, stellen die Studienergebnisse aus Erasmus+ Projekt ARVET vor. Das Projekt ARVET entwickelt eine virtuelle Umgebung, um Auszubildende mit Behinderung in der autonomen Ausf\u00fchrung von Lern- und Arbeitsaufgaben zu unterst\u00fctzen. ISOB \u00fcbernimmt im Projekt die interne Qualit\u00e4tssicherung.<\/p>","protected":false},"author":1,"featured_media":0,"comment_status":"open","ping_status":"closed","sticky":false,"template":"","format":"standard","meta":{"footnotes":""},"categories":[38,20],"tags":[],"class_list":{"0":"post-7378","1":"post","2":"type-post","3":"status-publish","4":"format-standard","6":"category-arvet","7":"category-projekt"},"_links":{"self":[{"href":"https:\/\/isob-regensburg.net\/en\/wp-json\/wp\/v2\/posts\/7378","targetHints":{"allow":["GET"]}}],"collection":[{"href":"https:\/\/isob-regensburg.net\/en\/wp-json\/wp\/v2\/posts"}],"about":[{"href":"https:\/\/isob-regensburg.net\/en\/wp-json\/wp\/v2\/types\/post"}],"author":[{"embeddable":true,"href":"https:\/\/isob-regensburg.net\/en\/wp-json\/wp\/v2\/users\/1"}],"replies":[{"embeddable":true,"href":"https:\/\/isob-regensburg.net\/en\/wp-json\/wp\/v2\/comments?post=7378"}],"version-history":[{"count":4,"href":"https:\/\/isob-regensburg.net\/en\/wp-json\/wp\/v2\/posts\/7378\/revisions"}],"predecessor-version":[{"id":10113,"href":"https:\/\/isob-regensburg.net\/en\/wp-json\/wp\/v2\/posts\/7378\/revisions\/10113"}],"wp:attachment":[{"href":"https:\/\/isob-regensburg.net\/en\/wp-json\/wp\/v2\/media?parent=7378"}],"wp:term":[{"taxonomy":"category","embeddable":true,"href":"https:\/\/isob-regensburg.net\/en\/wp-json\/wp\/v2\/categories?post=7378"},{"taxonomy":"post_tag","embeddable":true,"href":"https:\/\/isob-regensburg.net\/en\/wp-json\/wp\/v2\/tags?post=7378"}],"curies":[{"name":"wp","href":"https:\/\/api.w.org\/{rel}","templated":true}]}}